{"id":819,"date":"2017-03-24T08:00:22","date_gmt":"2017-03-24T07:00:22","guid":{"rendered":"http:\/\/www.gykovy.cz\/sach\/?p=819"},"modified":"2017-03-19T16:11:28","modified_gmt":"2017-03-19T15:11:28","slug":"6-otazek-pro-eliase-urbana","status":"publish","type":"post","link":"https:\/\/www.gykovy.cz\/sach\/6-otazek-pro-eliase-urbana\/","title":{"rendered":"6 ot\u00e1zek pro Eli\u00e1\u0161e Urbana"},"content":{"rendered":"<p style=\"text-align: justify;\">\n\t&Uacute;sp\u011b&scaron;n&yacute; na v&scaron;ech pol&iacute;ch. Student &scaron;est&eacute;ho ro\u010dn&iacute;ku v&iacute;celet&eacute;ho gymn&aacute;zia, stejn\u011b jako v&yacute;born&yacute; atlet.&nbsp;Vrh&aacute;n&iacute; koule&nbsp;ho nikdy nebavilo, v&nbsp;j&iacute;dle ho omezuje pouze jeho vlastn&iacute; mlsnost. Co dal&scaron;&iacute;ho n&aacute;m Eli&aacute;&scaron; o sob\u011b prozradil<em>?&nbsp;&nbsp;<\/em>\n<\/p>\n<p style=\"text-align: justify;\">\n\t<strong>Co bylo nejv\u011bt&scaron;&iacute; p\u0159ek&aacute;\u017ekou tvoj&iacute; atletick&eacute; kari&eacute;ry? Musel jsi na n\u011b\u010dem hodn\u011b pracovat, nebo &scaron;lo v&scaron;echno jednodu&scaron;e, jako po m&aacute;sle? <\/strong>\n<\/p>\n<p style=\"text-align: justify;\">\n\tNejv\u011bt&scaron;&iacute; p\u0159ek&aacute;\u017ekou pro m\u011b byla asi v&scaron;echna zran\u011bn&iacute;. Hlavn\u011b kdy\u017e mi p\u0159ed p&aacute;r lety ky\u010dle nezvl&aacute;daly n&aacute;pory tr&eacute;ninku. Jednak jsem se musel hodn\u011b omezovat v&nbsp;tr&eacute;ninc&iacute;ch a druhak mi to v t&eacute; dob\u011b ani moc ne&scaron;lo. To jsem v&aacute;\u017en\u011b p\u0159em&yacute;&scaron;lel o tom, \u017ee skon\u010d&iacute;m. Tenkr&aacute;t jsem si \u0159ekl, \u017ee pokud se to do roku nezlep&scaron;&iacute;, tak s&nbsp;t&iacute;m asi seknu. Na&scaron;t\u011bst&iacute; to pak v&scaron;echno dob\u0159e dopadlo. Nejd\u0159&iacute;v mi &scaron;la v&yacute;konnost extr&eacute;mn\u011b nahoru, a potom se i ty ky\u010dle spravily rehabilitacemi. Na \u010dem jsem musel asi nejv&iacute;c pracovat, byl p\u0159echod ze &bdquo;\u017eactva&ldquo; do &bdquo;dorostu&ldquo;, a t&iacute;m p&aacute;dem i na del&scaron;&iacute; trat\u011b. Ze 150m na 200m a ze 300m na 400m. Cht\u011blo to opravdovou zm\u011bnu &ndash; p\u0159ibylo mi hodn\u011b tr&eacute;nink\u016f a nejeden z nich opravdu bolel!\n<\/p>\n<p style=\"text-align: justify;\">\n\t<strong>Atletiku ji\u017e d\u011bl&aacute;&scaron; spoustu let, za tu dobu jsi ur\u010dit\u011b vyst\u0159&iacute;dal v&iacute;ce discipl&iacute;n. Kter&eacute; t\u011b nejv&iacute;c zaujaly a co ti vylo\u017een\u011b &quot;nesed&iacute;&quot;? <\/strong>\n<\/p>\n<p style=\"text-align: justify;\">\n\tVyst\u0159&iacute;dal jsem v&yacute;&scaron;ku, d&aacute;lku, sprinty od 60m a\u017e po 400m. Hodn\u011b m\u011b zaujala a bavila v&yacute;&scaron;ka. Dokonce z n&iacute; m&aacute;m i n\u011bkolik vysok&yacute;ch um&iacute;st\u011bn&iacute; na velk&yacute;ch akc&iacute;ch, bohu\u017eel podle tren&eacute;ra na ni v&scaron;ak nem&aacute;m postavu a jsem hodn\u011b prkenn&yacute;, tak\u017ee jsem ji od 15 let postupn\u011b vypustil. K&nbsp;\u010demu m&aacute;m skute\u010dn\u011b daleko je skok o ty\u010di a koule. Ani jedna z t\u011bchto discipl&iacute;n m\u011b v\u016fbec nebav&iacute; a ani v&nbsp;nich nem&aacute;m v&yacute;razn&eacute; v&yacute;sledky.\n<\/p>\n<p style=\"text-align: justify;\">\n\t<strong>\u010ceho chce&scaron; v \u017eivot\u011b dos&aacute;hnout? Chce&scaron; se atletice v\u011bnovat aktivn\u011b co nejd&eacute;le, nebo pl&aacute;nuje&scaron; jinou kari&eacute;ru? <\/strong>\n<\/p>\n<p style=\"text-align: justify;\">\n\tV atletice je m&yacute;m nejv\u011bt&scaron;&iacute;m c&iacute;lem dostat se na mistrovstv&iacute; sv\u011bta pop\u0159&iacute;pad\u011b Evropy. V osobn&iacute;m \u017eivot\u011b je to zalo\u017eit si rodinu, kterou budu schopen dob\u0159e u\u017eivit. S kari&eacute;rou zat&iacute;m nev&iacute;m, jak to bude. Minim&aacute;ln\u011b je&scaron;t\u011b t\u0159i roky bych cht\u011bl u atletiky na vysok&eacute; &uacute;rovni z\u016fstat, a pak se uvid&iacute;.\n<\/p>\n<p style=\"text-align: justify;\">\n\t<strong>Co pova\u017euje&scaron; za sv\u016fj nejv\u011bt&scaron;&iacute; \u017eivotn&iacute; &uacute;sp\u011bch? <\/strong>\n<\/p>\n<p style=\"text-align: justify;\">\n\tM&yacute;m \u017eivotn&iacute;m &uacute;sp\u011bchem je, \u017ee jsem se zat&iacute;m dok&aacute;zal vypo\u0159&aacute;dat se v&scaron;emi nep\u0159&iacute;jemnostmi i ztr&aacute;tami v \u017eivot\u011b.\n<\/p>\n<p style=\"text-align: justify;\">\n\t<strong>Jsi se sebou spokojen&yacute;? Jsi na sebe hrd&yacute;?&nbsp; <\/strong>\n<\/p>\n<p style=\"text-align: justify;\">\n\tPo\u0159&aacute;d je na \u010dem pracovat, ale kdy\u017e se to tak vezme, tak se sebou spokojen&yacute; jsem. A jestli jsem na sebe hrd&yacute;? Mysl&iacute;m, \u017ee abych toto mohl \u0159&iacute;ct, mus&iacute;m asi je&scaron;t\u011b p&aacute;r v\u011bc&iacute; v&nbsp;\u017eivot\u011b dok&aacute;zat.\n<\/p>\n<p style=\"text-align: justify;\">\n\t<strong>Na rok jsi n&aacute;s opustil kv\u016fli jin&eacute; &scaron;kole. Co ti toto obdob&iacute; dalo nebo vzalo? Kter&aacute; ze &scaron;kol je podle tebe lep&scaron;&iacute;?<\/strong>\n<\/p>\n<p style=\"text-align: justify;\">\n\tUr\u010dit\u011b jsem posb&iacute;ral spoustu cenn&yacute;ch zku&scaron;enost&iacute; do \u017eivota! Potkal jsem se s nov&yacute;m kolektivem lidi, tak&eacute; jsem byl ten rok na intern&aacute;tu a mysl&iacute;m, \u017ee tyto dv\u011b v\u011bci pom\u011brn\u011b v&yacute;razn\u011b ovlivnily moji osobnost i m\u016fj p\u0159istup k ur\u010dit&yacute;m v\u011bcem. Co mi loni nejv&iacute;ce chyb\u011blo, bylo asi to &quot;dom&aacute;c&iacute;&quot; prost\u0159ed&iacute;, kde ka\u017ed&yacute; znal m\u011b a j&aacute; je. Hlavn\u011b v za\u010d&aacute;tc&iacute;ch jsem z toho byl celkem rozhozen&yacute;. Kdybych m\u011bl rozhodnout, kter&aacute; &scaron;kola je lep&scaron;&iacute;, asi by to bylo dost obt&iacute;\u017en&eacute;. Ka\u017ed&aacute; m&aacute; n\u011bco jin&eacute;ho a ka\u017ed&aacute; sed&iacute; asi jin&eacute;mu typu lid&iacute;.\n<\/p>\n<p style=\"text-align: justify;\">\n\tA mn\u011b u\u017e nezb&yacute;v&aacute; nic jin&eacute;ho, ne\u017e pop\u0159&aacute;t Eli&aacute;&scaron;ovi, aby se mu splnily v&scaron;echny jeho sny a c&iacute;le!<\/p>\n","protected":false},"excerpt":{"rendered":"<p class=\"post-excerpt\">&Uacute;sp\u011b&scaron;n&yacute; na v&scaron;ech pol&iacute;ch. Student &scaron;est&eacute;ho ro\u010dn&iacute;ku v&iacute;celet&eacute;ho gymn&aacute;zia, stejn\u011b jako v&yacute;born&yacute; atlet.&nbsp;Vrh&aacute;n&iacute; koule&nbsp;ho nikdy nebavilo, v&nbsp;j&iacute;dle ho omezuje pouze&#8230;<\/p>\n","protected":false},"author":1,"featured_media":820,"comment_status":"open","ping_status":"open","sticky":false,"template":"","format":"standard","meta":{"_jetpack_memberships_contains_paid_content":false,"footnotes":""},"categories":[3],"tags":[105,87],"jetpack_sharing_enabled":true,"jetpack_featured_media_url":"https:\/\/www.gykovy.cz\/sach\/wp-content\/uploads\/2017\/03\/13133219_1195241017187332_1355813252562080096_n.jpg","_links":{"self":[{"href":"https:\/\/www.gykovy.cz\/sach\/wp-json\/wp\/v2\/posts\/819"}],"collection":[{"href":"https:\/\/www.gykovy.cz\/sach\/wp-json\/wp\/v2\/posts"}],"about":[{"href":"https:\/\/www.gykovy.cz\/sach\/wp-json\/wp\/v2\/types\/post"}],"author":[{"embeddable":true,"href":"https:\/\/www.gykovy.cz\/sach\/wp-json\/wp\/v2\/users\/1"}],"replies":[{"embeddable":true,"href":"https:\/\/www.gykovy.cz\/sach\/wp-json\/wp\/v2\/comments?post=819"}],"version-history":[{"count":0,"href":"https:\/\/www.gykovy.cz\/sach\/wp-json\/wp\/v2\/posts\/819\/revisions"}],"wp:featuredmedia":[{"embeddable":true,"href":"https:\/\/www.gykovy.cz\/sach\/wp-json\/wp\/v2\/media\/820"}],"wp:attachment":[{"href":"https:\/\/www.gykovy.cz\/sach\/wp-json\/wp\/v2\/media?parent=819"}],"wp:term":[{"taxonomy":"category","embeddable":true,"href":"https:\/\/www.gykovy.cz\/sach\/wp-json\/wp\/v2\/categories?post=819"},{"taxonomy":"post_tag","embeddable":true,"href":"https:\/\/www.gykovy.cz\/sach\/wp-json\/wp\/v2\/tags?post=819"}],"curies":[{"name":"wp","href":"https:\/\/api.w.org\/{rel}","templated":true}]}}